{"id":7895,"date":"2023-09-13T09:18:43","date_gmt":"2023-09-13T13:18:43","guid":{"rendered":"https:\/\/sae-estrie.gouv.qc.ca\/?p=7895"},"modified":"2023-10-12T11:10:02","modified_gmt":"2023-10-12T15:10:02","slug":"les-centres-de-formation-professionnelle-de-lestrie-font-retentir-leffet-fp","status":"publish","type":"post","link":"https:\/\/sae-estrie.gouv.qc.ca\/en\/2023\/09\/13\/les-centres-de-formation-professionnelle-de-lestrie-font-retentir-leffet-fp\/","title":{"rendered":"Les centres de formation professionnelle de l\u2019Estrie font retentir L\u2019EFFET FP !"},"content":{"rendered":"<div class=\"teaser-text\">\n<p>C\u2019est aujourd\u2019hui qu\u2019avait lieu le lancement de l\u2019Effet FP : une strat\u00e9gie r\u00e9gionale, regroupant les neuf centres de formation professionnelle de l\u2019Estrie. La strat\u00e9gie vise \u00e0 faire conna\u00eetre et reconna\u00eetre les formations professionnelles et les m\u00e9tiers qui en \u00e9manent.<\/p>\n<\/div>\n<div class=\"news-img-wrap\">\n<div class=\"outer\"><\/div>\n<\/div>\n<p>Pour lire l&#8217;article, cliquez <span style=\"color: #ff9900;\"><a style=\"color: #ff9900;\" href=\"https:\/\/cssrs.gouv.qc.ca\/article\/les-centres-de-formation-professionnelle-de-lestrie-font-retentir-leffet-fp\" target=\"_blank\" rel=\"noopener\"><strong>ICI<\/strong><\/a><\/span>!<\/p>\n<p>&nbsp;<\/p>\n","protected":false},"excerpt":{"rendered":"<p>C\u2019est aujourd\u2019hui qu\u2019avait lieu le lancement de l\u2019Effet FP : une strat\u00e9gie r\u00e9gionale, regroupant les neuf centres de formation professionnelle [&hellip;]<\/p>\n","protected":false},"author":2,"featured_media":7896,"comment_status":"closed","ping_status":"closed","sticky":false,"template":"","format":"standard","meta":{"_acf_changed":false,"inline_featured_image":false,"footnotes":""},"categories":[1],"tags":[],"class_list":["post-7895","post","type-post","status-publish","format-standard","has-post-thumbnail","hentry","category-non-classifiee"],"acf":[],"_links":{"self":[{"href":"https:\/\/sae-estrie.gouv.qc.ca\/en\/wp-json\/wp\/v2\/posts\/7895","targetHints":{"allow":["GET"]}}],"collection":[{"href":"https:\/\/sae-estrie.gouv.qc.ca\/en\/wp-json\/wp\/v2\/posts"}],"about":[{"href":"https:\/\/sae-estrie.gouv.qc.ca\/en\/wp-json\/wp\/v2\/types\/post"}],"author":[{"embeddable":true,"href":"https:\/\/sae-estrie.gouv.qc.ca\/en\/wp-json\/wp\/v2\/users\/2"}],"replies":[{"embeddable":true,"href":"https:\/\/sae-estrie.gouv.qc.ca\/en\/wp-json\/wp\/v2\/comments?post=7895"}],"version-history":[{"count":15,"href":"https:\/\/sae-estrie.gouv.qc.ca\/en\/wp-json\/wp\/v2\/posts\/7895\/revisions"}],"predecessor-version":[{"id":8087,"href":"https:\/\/sae-estrie.gouv.qc.ca\/en\/wp-json\/wp\/v2\/posts\/7895\/revisions\/8087"}],"wp:featuredmedia":[{"embeddable":true,"href":"https:\/\/sae-estrie.gouv.qc.ca\/en\/wp-json\/wp\/v2\/media\/7896"}],"wp:attachment":[{"href":"https:\/\/sae-estrie.gouv.qc.ca\/en\/wp-json\/wp\/v2\/media?parent=7895"}],"wp:term":[{"taxonomy":"category","embeddable":true,"href":"https:\/\/sae-estrie.gouv.qc.ca\/en\/wp-json\/wp\/v2\/categories?post=7895"},{"taxonomy":"post_tag","embeddable":true,"href":"https:\/\/sae-estrie.gouv.qc.ca\/en\/wp-json\/wp\/v2\/tags?post=7895"}],"curies":[{"name":"wp","href":"https:\/\/api.w.org\/{rel}","templated":true}]}}